{"id":2275,"date":"2024-09-09T16:42:36","date_gmt":"2024-09-09T16:42:36","guid":{"rendered":"https:\/\/unatecnologaencasa.com\/?p=2275"},"modified":"2025-09-24T17:35:45","modified_gmt":"2025-09-24T17:35:45","slug":"educacion-digital-estrategias-y-reflexiones-para-familias","status":"publish","type":"post","link":"https:\/\/unatecnologaencasa.com\/index.php\/2024\/09\/09\/educacion-digital-estrategias-y-reflexiones-para-familias\/","title":{"rendered":"Educaci\u00f3n digital:\u00a0Estrategias y reflexiones para familias."},"content":{"rendered":"\n<p>Con la llegada del verano, los d\u00edas se alargan y las rutinas cambian. Es un momento perfecto para reflexionar sobre c\u00f3mo estamos educando a nuestros hijos en la era digital. Durante estas vacaciones, padres y madres tienen una oportunidad \u00fanica para replantear y fortalecer la relaci\u00f3n de sus hijas e hijos con la tecnolog\u00eda. \u00bfEst\u00e1n utilizando sus dispositivos de manera saludable?&nbsp;<strong>\u00bfC\u00f3mo podemos mejorar su educaci\u00f3n digital?<\/strong><\/p>\n\n\n\n<p>Educar en la era digital no deber\u00eda ser m\u00e1s complicado que en \u00e9pocas anteriores. De hecho, somos una generaci\u00f3n privilegiada, con mayores comodidades, recursos, servicios y calidad de vida. Sin embargo,&nbsp;<strong>muchas familias sienten miedo e inseguridad al educar en el aspecto digital<\/strong>.<\/p>\n\n\n\n<p>Una de las razones m\u00e1s comunes es la sensaci\u00f3n de falta de conocimiento y habilidades tecnol\u00f3gicas, lo que genera inseguridad y puede limitarnos. Vivimos en una era exigente, con tanta informaci\u00f3n accesible que casi se espera que sepamos de todo, y lidiamos con la infoxicaci\u00f3n: una sobrecarga de informaci\u00f3n cuya veracidad a menudo es dudosa o falsa. Educar ya es complejo, y la presi\u00f3n de tener que saber de todo puede ser abrumadora. Pero,&nbsp;<strong>\u00bfes necesario este conocimiento para protegerles en el mundo digital?<\/strong><\/p>\n\n\n\n<p>En todas las \u00e9pocas han existido riesgos de los que&nbsp;protegerles. No necesit\u00e1bamos conocer todos los detalles t\u00e9cnicos para hacerlo, y lo mismo aplica hoy. Debemos quitarnos la losa de querer educar en la perfecci\u00f3n, pero sin perder el compromiso de&nbsp;guiarles&nbsp;en el proceso. En cuanto a la tecnolog\u00eda, he visto&nbsp;<strong>dos reacciones comunes<\/strong>:<\/p>\n\n\n\n<p><em>1. \u00abComo no domino la tecnolog\u00eda, la dejo toda al alcance a su alcance porque saben m\u00e1s.\u00bb<br>2. \u00abComo no domino la tecnolog\u00eda y me da miedo, proh\u00edbo su uso.\u00bb<\/em><\/p>\n\n\n\n<p>Pero hay una tercera v\u00eda m\u00e1s enriquecedora: asumir la falta de conocimiento y abrazar el aprendizaje que nos aporta. Educar es un aprendizaje constante que nos pone a prueba en muchos aspectos, tambi\u00e9n en los emocionales. La tecnolog\u00eda no es diferente, aunque a veces parezca ciencia ficci\u00f3n.<\/p>\n\n\n\n<p><strong>Si tienes el compromiso de acompa\u00f1ar a tu hija o hijo en su relaci\u00f3n con la tecnolog\u00eda, busca estrategias y herramientas para hacerlo a tu manera<\/strong>. No se trata de educar en la perfecci\u00f3n, sino de tener los recursos para&nbsp;guiarles&nbsp;seg\u00fan tus valores y normas familiares.<\/p>\n\n\n\n<h3 class=\"wp-block-heading has-text-align-center\">Al implicarnos activamente en su educaci\u00f3n digital, no solo les protegemos, sino que tambi\u00e9n los preparamos para ser ciudadanos y ciudadanas digitales responsables y competentes.<\/h3>\n\n\n\n<p><strong>No te centres s\u00f3lo en el C\u00f3mo.<\/strong>&nbsp;Primero determina el Para qu\u00e9, luego el Qu\u00e9 y, por \u00faltimo, el C\u00f3mo.<\/p>\n\n\n\n<p><strong>1. Para qu\u00e9: Establece objetivos claros.<br><\/strong><br>El objetivo es que tengan una relaci\u00f3n saludable con la tecnolog\u00eda, que entiendan sus beneficios y riesgos, y que aprendan a usarla de manera responsable.<\/p>\n\n\n\n<p><strong>2. Qu\u00e9: Define las \u00e1reas clave.<br><\/strong><br>Las competencias digitales b\u00e1sicas, el uso responsable de dispositivos, la seguridad en redes sociales, la ciberseguridad, la gesti\u00f3n del tiempo, la protecci\u00f3n de datos y el manejo de aplicaciones y juegos.<\/p>\n\n\n\n<p><strong>3. C\u00f3mo: Estrategias y recursos pr\u00e1cticos.<br><\/strong><br>&#8211; No uses la tecnolog\u00eda como sustituto del tiempo de calidad. El m\u00f3vil no es un premio, es una herramienta de comunicaci\u00f3n, de trabajo o de ocio, pero no es un premio.<\/p>\n\n\n\n<p>&#8211; Piensa en soluciones creativas fuera del \u00e1mbito tecnol\u00f3gico. Aprender una buena higiene digital no implica usar pantallas.<\/p>\n\n\n\n<p>&#8211; Aplica normas del mundo f\u00edsico al online: si todav\u00eda no le dejas ir solo por la calle, no le dejes navegar solo por internet.<\/p>\n\n\n\n<p>Educar en la era digital puede parecer desafiante, pero no requiere ser expertos en tecnolog\u00eda, sino estar comprometidos y dispuestos a aprender junto a nuestras hijas e hijos. La tecnolog\u00eda es una herramienta poderosa que, bien utilizada, puede abrir un mundo de oportunidades y aprendizaje. Como familias,&nbsp;<strong>es nuestra responsabilidad&nbsp;<\/strong><strong>guiarles<\/strong><strong>&nbsp;en su buen uso, ense\u00f1arles a navegar con seguridad y a aprovechar sus beneficios sin caer en sus trampas<\/strong>.<\/p>\n\n\n\n<h3 class=\"wp-block-heading has-text-align-center\">Este verano, aprovechemos el tiempo para reflexionar, aprender y crear un entorno digital saludable en nuestras familias. Porque una buena higiene digital hoy, significa un futuro mejor y m\u00e1s seguro para nuestros hijos.<\/h3>\n\n\n\n<div class=\"wp-block-uagb-buttons uagb-buttons__outer-wrap uagb-btn__default-btn uagb-btn-tablet__default-btn uagb-btn-mobile__default-btn uagb-block-ef0b0272\"><div class=\"uagb-buttons__wrap uagb-buttons-layout-wrap \">\n<div class=\"wp-block-uagb-buttons-child uagb-buttons__outer-wrap uagb-block-1f12e955 wp-block-button\"><div class=\"uagb-button__wrapper\"><a class=\"uagb-buttons-repeater wp-block-button__link\" aria-label=\"\" href=\"https:\/\/unatecnologaencasa.com\/index.php\/contacto\/\" rel=\"follow noopener\" target=\"_self\" role=\"button\"><div class=\"uagb-button__link\">FORMACI\u00d3N DE ALTO RENDIMIENTO<\/div><span class=\"uagb-button__icon uagb-button__icon-position-after\"><svg xmlns=\"https:\/\/www.w3.org\/2000\/svg\" viewBox=\"0 0 640 512\" aria-hidden=\"true\" focussable=\"false\"><path d=\"M160 48C160 21.49 181.5 0 208 0C234.5 0 256 21.49 256 48C256 74.51 234.5 96 208 96C181.5 96 160 74.51 160 48V48zM112.7 205.4C97.41 212.2 85.42 224.6 79.22 240.1L77.71 243.9C71.15 260.3 52.53 268.3 36.12 261.7C19.71 255.1 11.73 236.5 18.29 220.1L19.8 216.3C32.19 185.4 56.18 160.5 86.66 146.9L97.66 142C118.5 132.8 140.1 128 163.7 128C208.3 128 248.5 154.8 265.6 195.9L280.1 232.7L302.3 243.4C318.1 251.3 324.5 270.5 316.6 286.3C308.7 302.1 289.5 308.5 273.7 300.6L247 287.3C236.7 282.1 228.6 273.4 224.2 262.8L214.6 239.8L195.3 305.3L244.8 359.4C250.2 365.3 254.1 372.4 256 380.2L279 472.2C283.3 489.4 272.9 506.8 255.8 511C238.6 515.3 221.2 504.9 216.1 487.8L194.9 399.6L124.3 322.5C109.5 306.4 103.1 283.9 109.6 262.8L126.5 199.3C125.6 199.7 124.6 200.1 123.7 200.5L112.7 205.4zM100.7 344.2L141.4 388.6L126.9 424.8C124.5 430.9 120.9 436.4 116.3 440.9L54.63 502.6C42.13 515.1 21.87 515.1 9.372 502.6C-3.124 490.1-3.124 469.9 9.372 457.4L68.73 398L93.69 335.6C95.84 338.6 98.17 341.4 100.7 344.2H100.7zM630.6 233.4C643.1 245.9 643.1 266.1 630.6 278.6L550.6 358.6C538.1 371.1 517.9 371.1 505.4 358.6C492.9 346.1 492.9 325.9 505.4 313.4L530.7 288H384C366.3 288 352 273.7 352 256C352 238.3 366.3 224 384 224H530.7L505.4 198.6C492.9 186.1 492.9 165.9 505.4 153.4C517.9 140.9 538.1 140.9 550.6 153.4L630.6 233.4z\"><\/path><\/svg><\/span><\/a><\/div><\/div>\n<\/div><\/div>\n\n\n\n<div class=\"wp-block-uagb-advanced-heading uagb-block-0e5cec3b\"><h2 class=\"uagb-heading-text\"><strong>Si te Formas, te Transformas.<\/strong><\/h2><\/div>\n\n\n\n<p><\/p>\n","protected":false},"excerpt":{"rendered":"<p>Con la llegada del verano, los d\u00edas se alargan y las rutinas cambian. Es un momento perfecto para reflexionar sobre c\u00f3mo estamos educando a nuestros hijos en la era digital. Durante estas vacaciones, padres y madres tienen una oportunidad \u00fanica para replantear y fortalecer la relaci\u00f3n de sus hijas e hijos con la tecnolog\u00eda. \u00bfEst\u00e1n [&hellip;]<\/p>\n","protected":false},"author":8,"featured_media":0,"comment_status":"closed","ping_status":"open","sticky":false,"template":"","format":"standard","meta":{"_uag_custom_page_level_css":"","site-sidebar-layout":"default","site-content-layout":"","ast-site-content-layout":"default","site-content-style":"default","site-sidebar-style":"default","ast-global-header-display":"","ast-banner-title-visibility":"","ast-main-header-display":"","ast-hfb-above-header-display":"","ast-hfb-below-header-display":"","ast-hfb-mobile-header-display":"","site-post-title":"","ast-breadcrumbs-content":"","ast-featured-img":"","footer-sml-layout":"","ast-disable-related-posts":"","theme-transparent-header-meta":"","adv-header-id-meta":"","stick-header-meta":"","header-above-stick-meta":"","header-main-stick-meta":"","header-below-stick-meta":"","astra-migrate-meta-layouts":"set","ast-page-background-enabled":"default","ast-page-background-meta":{"desktop":{"background-color":"","background-image":"","background-repeat":"repeat","background-position":"center center","background-size":"auto","background-attachment":"scroll","background-type":"","background-media":"","overlay-type":"","overlay-color":"","overlay-opacity":"","overlay-gradient":""},"tablet":{"background-color":"","background-image":"","background-repeat":"repeat","background-position":"center center","background-size":"auto","background-attachment":"scroll","background-type":"","background-media":"","overlay-type":"","overlay-color":"","overlay-opacity":"","overlay-gradient":""},"mobile":{"background-color":"","background-image":"","background-repeat":"repeat","background-position":"center center","background-size":"auto","background-attachment":"scroll","background-type":"","background-media":"","overlay-type":"","overlay-color":"","overlay-opacity":"","overlay-gradient":""}},"ast-content-background-meta":{"desktop":{"background-color":"var(--ast-global-color-5)","background-image":"","background-repeat":"repeat","background-position":"center center","background-size":"auto","background-attachment":"scroll","background-type":"","background-media":"","overlay-type":"","overlay-color":"","overlay-opacity":"","overlay-gradient":""},"tablet":{"background-color":"var(--ast-global-color-5)","background-image":"","background-repeat":"repeat","background-position":"center center","background-size":"auto","background-attachment":"scroll","background-type":"","background-media":"","overlay-type":"","overlay-color":"","overlay-opacity":"","overlay-gradient":""},"mobile":{"background-color":"var(--ast-global-color-5)","background-image":"","background-repeat":"repeat","background-position":"center center","background-size":"auto","background-attachment":"scroll","background-type":"","background-media":"","overlay-type":"","overlay-color":"","overlay-opacity":"","overlay-gradient":""}},"footnotes":""},"categories":[31],"tags":[],"class_list":["post-2275","post","type-post","status-publish","format-standard","hentry","category-crianza-digital"],"uagb_featured_image_src":{"full":false,"thumbnail":false,"medium":false,"medium_large":false,"large":false,"1536x1536":false,"2048x2048":false},"uagb_author_info":{"display_name":"UTEC","author_link":"https:\/\/unatecnologaencasa.com\/index.php\/author\/utec\/"},"uagb_comment_info":0,"uagb_excerpt":"Con la llegada del verano, los d\u00edas se alargan y las rutinas cambian. Es un momento perfecto para reflexionar sobre c\u00f3mo estamos educando a nuestros hijos en la era digital. Durante estas vacaciones, padres y madres tienen una oportunidad \u00fanica para replantear y fortalecer la relaci\u00f3n de sus hijas e hijos con la tecnolog\u00eda. \u00bfEst\u00e1n&hellip;","_links":{"self":[{"href":"https:\/\/unatecnologaencasa.com\/index.php\/wp-json\/wp\/v2\/posts\/2275","targetHints":{"allow":["GET"]}}],"collection":[{"href":"https:\/\/unatecnologaencasa.com\/index.php\/wp-json\/wp\/v2\/posts"}],"about":[{"href":"https:\/\/unatecnologaencasa.com\/index.php\/wp-json\/wp\/v2\/types\/post"}],"author":[{"embeddable":true,"href":"https:\/\/unatecnologaencasa.com\/index.php\/wp-json\/wp\/v2\/users\/8"}],"replies":[{"embeddable":true,"href":"https:\/\/unatecnologaencasa.com\/index.php\/wp-json\/wp\/v2\/comments?post=2275"}],"version-history":[{"count":5,"href":"https:\/\/unatecnologaencasa.com\/index.php\/wp-json\/wp\/v2\/posts\/2275\/revisions"}],"predecessor-version":[{"id":2291,"href":"https:\/\/unatecnologaencasa.com\/index.php\/wp-json\/wp\/v2\/posts\/2275\/revisions\/2291"}],"wp:attachment":[{"href":"https:\/\/unatecnologaencasa.com\/index.php\/wp-json\/wp\/v2\/media?parent=2275"}],"wp:term":[{"taxonomy":"category","embeddable":true,"href":"https:\/\/unatecnologaencasa.com\/index.php\/wp-json\/wp\/v2\/categories?post=2275"},{"taxonomy":"post_tag","embeddable":true,"href":"https:\/\/unatecnologaencasa.com\/index.php\/wp-json\/wp\/v2\/tags?post=2275"}],"curies":[{"name":"wp","href":"https:\/\/api.w.org\/{rel}","templated":true}]}}